{"id":10187,"date":"2021-11-01T12:05:02","date_gmt":"2021-11-01T11:05:02","guid":{"rendered":"https:\/\/www.czechcyclingfederation.com\/?p=10187"},"modified":"2021-11-01T12:05:05","modified_gmt":"2021-11-01T11:05:05","slug":"zemrel-jan-bocek","status":"publish","type":"post","link":"https:\/\/www.czechcyclingfederation.com\/en\/zemrel-jan-bocek\/","title":{"rendered":"Zem\u0159el Jan Bo\u010dek"},"content":{"rendered":"\n<p>V \u00fater\u00fd 26. \u0159\u00edjna n\u00e1s nav\u017edy opustil ve v\u011bku 78 let dobr\u00fd \u010dlov\u011bk, v\u00fdborn\u00fd z\u00e1vodn\u00edk za motorov\u00fdmi vodi\u010di, cyklistick\u00fd rozhod\u010d\u00ed a dlouholet\u00fd \u010dlen v\u00fdboru odd\u00edlu TJ Stadion Louny.<\/p>\n\n\n\n<p>\u201eBude se n\u00e1m po n\u011bm st\u00fdskat a bude n\u00e1m chyb\u011bt jeho \u010dasto syrov\u00e9, ale obvykle p\u0159esn\u00e9 hodnocen\u00ed jak sportovn\u00edch tak \u017eivotn\u00edch situac\u00ed. V posledn\u00ed dob\u011b, jak pro n\u011bj bylo typick\u00e9, state\u010dn\u011b bojoval se z\u00e1ke\u0159nou nemoc\u00ed, kterou ji\u017e jednou d\u0159\u00edve p\u0159emohl. O jeho vztahu k cyklistice a odd\u00edlu hodn\u011b vypov\u00edd\u00e1 i to, \u017ee je\u0161t\u011b 20. \u0159\u00edjna z nemocnice pom\u00e1hal domlouvat opravu okap\u016f na velodromu, \u0159ekl Ji\u0159\u00ed Nov\u00e1\u010dek z&nbsp;TJ Stadion Louny.<\/p>\n\n\n\n<p>Rozlou\u010den\u00ed s\u00a0Janem Bo\u010dkem bude jen v rodinn\u00e9m kruhu.<\/p>\n\n\n\n<figure class=\"wp-block-image size-large\"><img loading=\"lazy\" decoding=\"async\" width=\"1024\" height=\"686\" src=\"https:\/\/www.czechcyclingfederation.com\/wp-content\/uploads\/2021\/11\/DSC_9133-1024x686.jpg\" alt=\"\" class=\"wp-image-10189\" srcset=\"https:\/\/www.czechcyclingfederation.com\/wp-content\/uploads\/2021\/11\/DSC_9133-1024x686.jpg 1024w, https:\/\/www.czechcyclingfederation.com\/wp-content\/uploads\/2021\/11\/DSC_9133-300x200.jpg 300w, https:\/\/www.czechcyclingfederation.com\/wp-content\/uploads\/2021\/11\/DSC_9133-768x515.jpg 768w, https:\/\/www.czechcyclingfederation.com\/wp-content\/uploads\/2021\/11\/DSC_9133-1536x1029.jpg 1536w, https:\/\/www.czechcyclingfederation.com\/wp-content\/uploads\/2021\/11\/DSC_9133-1320x884.jpg 1320w, https:\/\/www.czechcyclingfederation.com\/wp-content\/uploads\/2021\/11\/DSC_9133.jpg 2000w\" sizes=\"auto, (max-width: 1024px) 100vw, 1024px\" \/><\/figure>\n","protected":false},"excerpt":{"rendered":"<p>V \u00fater\u00fd 26. \u0159\u00edjna n\u00e1s nav\u017edy opustil ve v\u011bku 78 let dobr\u00fd \u010dlov\u011bk, v\u00fdborn\u00fd z\u00e1vodn\u00edk za motorov\u00fdmi vodi\u010di, cyklistick\u00fd rozhod\u010d\u00ed a dlouholet\u00fd \u010dlen v\u00fdboru odd\u00edlu TJ Stadion Louny. \u201eBude se n\u00e1m po n\u011bm st\u00fdskat a bude n\u00e1m chyb\u011bt jeho \u010dasto syrov\u00e9, ale obvykle p\u0159esn\u00e9 hodnocen\u00ed jak sportovn\u00edch tak \u017eivotn\u00edch situac\u00ed. V posledn\u00ed dob\u011b, jak pro [&hellip;]<\/p>\n","protected":false},"author":8,"featured_media":10188,"comment_status":"closed","ping_status":"open","sticky":false,"template":"","format":"standard","meta":{"footnotes":""},"categories":[2,65],"tags":[9,11],"class_list":["post-10187","post","type-post","status-publish","format-standard","has-post-thumbnail","hentry","category-novinky","category-subdisciplina","tag-draha","tag-silnice"],"_links":{"self":[{"href":"https:\/\/www.czechcyclingfederation.com\/en\/wp-json\/wp\/v2\/posts\/10187","targetHints":{"allow":["GET"]}}],"collection":[{"href":"https:\/\/www.czechcyclingfederation.com\/en\/wp-json\/wp\/v2\/posts"}],"about":[{"href":"https:\/\/www.czechcyclingfederation.com\/en\/wp-json\/wp\/v2\/types\/post"}],"author":[{"embeddable":true,"href":"https:\/\/www.czechcyclingfederation.com\/en\/wp-json\/wp\/v2\/users\/8"}],"replies":[{"embeddable":true,"href":"https:\/\/www.czechcyclingfederation.com\/en\/wp-json\/wp\/v2\/comments?post=10187"}],"version-history":[{"count":1,"href":"https:\/\/www.czechcyclingfederation.com\/en\/wp-json\/wp\/v2\/posts\/10187\/revisions"}],"predecessor-version":[{"id":10190,"href":"https:\/\/www.czechcyclingfederation.com\/en\/wp-json\/wp\/v2\/posts\/10187\/revisions\/10190"}],"wp:featuredmedia":[{"embeddable":true,"href":"https:\/\/www.czechcyclingfederation.com\/en\/wp-json\/wp\/v2\/media\/10188"}],"wp:attachment":[{"href":"https:\/\/www.czechcyclingfederation.com\/en\/wp-json\/wp\/v2\/media?parent=10187"}],"wp:term":[{"taxonomy":"category","embeddable":true,"href":"https:\/\/www.czechcyclingfederation.com\/en\/wp-json\/wp\/v2\/categories?post=10187"},{"taxonomy":"post_tag","embeddable":true,"href":"https:\/\/www.czechcyclingfederation.com\/en\/wp-json\/wp\/v2\/tags?post=10187"}],"curies":[{"name":"wp","href":"https:\/\/api.w.org\/{rel}","templated":true}]}}