{"id":10154,"date":"2021-10-29T10:38:54","date_gmt":"2021-10-29T08:38:54","guid":{"rendered":"https:\/\/www.czechcyclingfederation.com\/?p=10154"},"modified":"2021-10-29T10:55:36","modified_gmt":"2021-10-29T08:55:36","slug":"tomas-konecny-od-mladsich-zavodniku-muzeme-brzy-cekat-velke-vysledky","status":"publish","type":"post","link":"https:\/\/www.czechcyclingfederation.com\/en\/tomas-konecny-od-mladsich-zavodniku-muzeme-brzy-cekat-velke-vysledky\/","title":{"rendered":"Tom\u00e1\u0161 Kone\u010dn\u00fd: Od mlad\u0161\u00edch z\u00e1vodn\u00edk\u016f m\u016f\u017eeme brzy \u010dekat velk\u00e9 v\u00fdsledky"},"content":{"rendered":"\n<p>Silni\u010dn\u00ed sez\u00f3na 2021 je u konce. \u010cesk\u00e1 cyklistika se v&nbsp;n\u00ed na reprezenta\u010dn\u00ed \u00farovni rozhodn\u011b neztratila a v\u0161e vygradovalo skv\u011bl\u00fdm sedm\u00fdm m\u00edstem Zde\u0148ka \u0160tybara mezi mu\u017eskou elitou na mistrovstv\u00ed sv\u011bta v Belgii.<\/p>\n\n\n\n<p>Tren\u00e9r reprezentace Tom\u00e1\u0161 Kone\u010dn\u00fd je r\u00e1d i za mladou generaci, zejm\u00e9na juniory a mu\u017ee U23, o kter\u00fdch podle n\u011bj v&nbsp;p\u0159\u00ed\u0161t\u00edch letech je\u0161t\u011b hodn\u011b usly\u0161\u00edme. \u201e\u0158ada t\u011bch kluk\u016f m\u00e1 p\u0159edpoklady, aby jednou jezdila ve WorldTour. A mysl\u00edm, \u017ee se m\u016f\u017eeme do\u010dkat velk\u00fdch v\u00fdsledk\u016f i na reprezenta\u010dn\u00ed \u00farovni,\u201c \u0159\u00edk\u00e1 tren\u00e9r.<\/p>\n\n\n\n<p><strong>Tom\u00e1\u0161i, silni\u010dn\u00ed sez\u00f3na 2021 je minulost\u00ed. Jak\u00e1 byla, kdy\u017e za\u010dneme u mu\u017e\u016f?<\/strong><\/p>\n\n\n\n<p>Vzhledem k&nbsp;tomu, jak dopadlo mistrovstv\u00ed sv\u011bta, kde chyb\u011bl kous\u00ed\u010dek k&nbsp;medaili, tak asi hodn\u011b \u00fasp\u011b\u0161n\u00e1. \u0160tyby byl hodn\u011b bl\u00edzko a chyb\u011bla mu jen trocha \u0161t\u011bst\u00ed v&nbsp;samotn\u00e9m z\u00e1v\u011bru. Ale byl to super v\u00fdkon. I na olympi\u00e1d\u011b to bylo dobr\u00e9 po tom v\u0161em, co jsme si tam pro\u017eili s&nbsp;karant\u00e9nou a v\u0161emi t\u011bmi nep\u0159\u00edjemn\u00fdmi v\u011bcmi. Kukrle jel cel\u00fd den v&nbsp;\u00faniku, a i jeho kone\u010dn\u00fd v\u00fdsledek byl dobr\u00fd na to, \u017ee s&nbsp;t\u011bmi nejlep\u0161\u00edmi ze sv\u011btov\u00e9 \u0161pi\u010dky prakticky nez\u00e1vodil. A nakonec i vystoupen\u00ed na olympi\u00e1d\u011b mu ur\u010dit\u011b pomohlo k&nbsp;nov\u00e9mu anga\u017em\u00e1.<\/p>\n\n\n\n<p><strong>A co nad\u011bje z&nbsp;kategorie U23?<\/strong><\/p>\n\n\n\n<p>Kluci za sebou maj\u00ed v\u00fdbornou sez\u00f3nu. Na v\u0161ech akc\u00edch, kde jsme byli, a\u0165 u\u017e to je Z\u00e1vod m\u00edru, Tour de l\u00b4Avenir, mistrovstv\u00ed sv\u011bta nebo Evropy, pat\u0159ili v\u017edycky k&nbsp;nejlep\u0161\u00edm. V&nbsp;t\u00e9to kategorii m\u00e1me opravdu silnou generaci a pot\u011b\u0161uj\u00edc\u00ed je, \u017ee v\u0161ichni mohou b\u00fdt v&nbsp;U23 je\u0161t\u011b p\u0159\u00ed\u0161t\u00ed rok. Bittner s&nbsp;Vackem byli letos prvoro\u010d\u00e1ci, \u0164oupal\u00edk s&nbsp;Bou\u010dkem druhoro\u010d\u00e1ci a jen Kelemen tu byl t\u0159et\u00edm rokem. Na mistrovstv\u00ed sv\u011bta jsme m\u011bli jeden\u00e1ct\u00e9ho Bittnera a hned za n\u00edm dojel Kelemen, na Evrop\u011b skon\u010dil \u0164oupal\u00edk 9., Bittner byl t\u0159et\u00ed na Sv\u011btov\u00e9m poh\u00e1ru v&nbsp;Polsku, vyhr\u00e1l etapu na Z\u00e1vodu m\u00edru a na Aveniru byl v&nbsp;etap\u00e1ch \u010dty\u0159ikr\u00e1t v&nbsp;top 10. \u0164oupal\u00edk tam skon\u010dil dvac\u00e1t\u00fd celkov\u011b, a to jsme je\u0161t\u011b m\u011bli sm\u016flu, kdy\u017e jsme hned v&nbsp;prvn\u00ed etap\u011b p\u0159i\u0161li o l\u00eddra Vacka. Je to fakt siln\u00e1 generace, budoucnost na\u0161\u00ed cyklistiky, kter\u00e1 by v&nbsp;budoucnu m\u011bla nahradit ty star\u0161\u00ed hv\u011bzdy.<\/p>\n\n\n\n<p><strong>Rostou takov\u00ed z\u00e1vodn\u00edci i v&nbsp;juniorech?<\/strong><\/p>\n\n\n\n<p>Jednozna\u010dn\u011b. M\u011bli jsme t\u00fdm zalo\u017een\u00fd na prvoro\u010d\u00e1c\u00edch, a\u0165 u\u017e to byli Kadlec, Teleck\u00fd, Seeman, Mr\u00e1z nebo Nov\u00e1k. Jedin\u00fd druhoro\u010d\u00e1k je Maty\u00e1\u0161 Kopecky. T\u0159eba Kadlec podal excelentn\u00ed v\u00fdkon i na mistrovstv\u00ed sv\u011bta. Neb\u00e1l se toho, byl odjet\u00fd a \u017ee to nakonec nevy\u0161lo \u00fapln\u011b na nejvy\u0161\u0161\u00ed p\u0159\u00ed\u010dky, to se n\u011bkdy stane. Ale m\u00e1 v\u00edt\u011bznou mentalitu a neboj\u00ed se to zkou\u0161et. Jsem p\u0159esv\u011bd\u010den, \u017ee tihle kluci budou p\u0159\u00ed\u0161t\u00ed rok skl\u00edzet ovoce, proto\u017ee u\u017e si ty velk\u00e9 z\u00e1vody osahali a budou o rok zku\u0161en\u011bj\u0161\u00ed.<\/p>\n\n\n\n<p><strong>V&nbsp;\u017een\u00e1ch se to\u010dila sez\u00f3na hlavn\u011b kolem Terezy Neumanov\u00e9, kter\u00e1 nakonec startovala i na olympi\u00e1d\u011b v&nbsp;Tokiu.<\/strong><\/p>\n\n\n\n<p>Byla p\u0159\u00edjemn\u00fdm p\u0159ekvapen\u00edm. Skv\u011ble se zhostila sv\u00e9ho zahrani\u010dn\u00edho anga\u017em\u00e1 a hned se to projevilo na v\u00fdsledc\u00edch. Uk\u00e1zala cestu ostatn\u00edm, \u017ee pokud \u010dlov\u011bk jde za sv\u00fdm snem a odejde ven, je to hned zn\u00e1t. Je jen na t\u011bch dal\u0161\u00edch na\u0161ich holk\u00e1ch, jestli ji budou n\u00e1sledovat, p\u016fjdou do ciziny a porvou se o to. Ono \u010dasto nen\u00ed snadn\u00e9 odej\u00edt od rodiny, \u017e\u00edt v&nbsp;ciz\u00ed zemi, ale je to jedin\u00e1 cesta. P\u0159itom \u017eensk\u00e1 cyklistika za\u017e\u00edv\u00e1 na sv\u011btov\u00e9 \u00farovni obrovsk\u00fd boom, m\u00e1 maxim\u00e1ln\u00ed podporu UCI. Letos se jelo \u017eensk\u00e9 Roubaix, p\u0159\u00ed\u0161t\u00ed rok je v&nbsp;pl\u00e1nu Tour de France hned po skon\u010den\u00ed mu\u017esk\u00e9 Tour. Prize money u \u017een jsou stejn\u00e9 jako u mu\u017e\u016f, co\u017e je pro \u017eenskou cyklistiku pecka. \u010cesk\u00e9 holky by se na to takhle m\u011bly d\u00edvat.<\/p>\n\n\n\n<p><strong>Rostou n\u00e1m i v&nbsp;\u017een\u00e1ch nad\u011bje?<\/strong><\/p>\n\n\n\n<p>M\u00e1me objev sez\u00f3ny Eli\u0161ku Kvasni\u010dkovou, kter\u00e1 byla na Evrop\u011b osm\u00e1 v&nbsp;\u010dasovce a na mistrovstv\u00ed sv\u011bta jeden\u00e1ct\u00e1. Na to, \u017ee jezd\u00ed na silnici prvn\u00edm rokem, m\u00e1 obrovsk\u00fd potenci\u00e1l. Hned za n\u00ed je Julia Kopecky, kter\u00e1 odmala \u017eije v Holandsku a u\u017e v&nbsp;tomhle v\u011bku je na n\u00ed kr\u00e1sn\u011b vid\u011bt to vyz\u00e1vod\u011bn\u00ed. Mistrovstv\u00ed sv\u011bta j\u00ed nevy\u0161lo, spadla v&nbsp;prvn\u00edm kole, ale ob\u011b jsou prvoro\u010da\u010dky a velk\u00e9 nad\u011bje.<\/p>\n\n\n\n<p><strong>Co v\u00e1m letos z&nbsp;pohledu reprezentace na silnici ud\u011blalo nejv\u011bt\u0161\u00ed radost?<\/strong><\/p>\n\n\n\n<p>Asi mistrovstv\u00ed sv\u011bta, kter\u00e9 podtrhlo celou tu sez\u00f3nu. A nebylo to jen o mu\u017e\u00edch. Skv\u011bl\u00fd z\u00e1vod jeli t\u0159iadvac\u00edtk\u00e1\u0159i i junio\u0159i a jsem r\u00e1d, \u017ee se uk\u00e1zala s\u00edla t\u011bch man\u010daft\u016f.<\/p>\n\n\n\n<p><strong>Z&nbsp;borc\u016f v&nbsp;elitn\u00ed kategorii se povedlo z\u00edskat dv\u011bma \u010cech\u016fm anga\u017em\u00e1 v&nbsp;cizin\u011b. Schlegel jde do \u0161pan\u011blsk\u00e9ho Caja Rural, Kukrle do Gazprom RusVelo. Jste za to r\u00e1d?<\/strong><\/p>\n\n\n\n<p>Ur\u010dit\u011b, proto\u017ee je to zase m\u016f\u017ee posunout d\u00e1l. Oba podepsali do pro-kontinent\u00e1ln\u00edch t\u00fdm\u016f, kter\u00e9 pojedou velk\u00e9 z\u00e1vody, Schlegel se t\u0159eba dostane i na Vueltu. Oba ti kluci maj\u00ed velk\u00fd potenci\u00e1l, aby se jednou dostali do WorldTour. Douf\u00e1m, \u017ee Schlegel p\u016fjde je\u0161t\u011b nahoru a bude sv\u011btu ukazovat, \u017ee je to jeden z&nbsp;top vrcha\u0159\u016f. Je to podobn\u00fd typ z\u00e1vodn\u00edka jako Roman Kreuziger. Kukrle k&nbsp;sob\u011b bude m\u00edt mlad\u00e9ho Vacka, tak\u017ee bude m\u00edt snaz\u0161\u00ed aklimatizaci. Letos m\u011bl sez\u00f3nu sn\u016f a douf\u00e1m, \u017ee to bude posouvat v\u00fd\u0161.<\/p>\n\n\n\n<p><strong>Po sez\u00f3n\u011b ukon\u010dil kari\u00e9ru Roman Kreuziger a tak\u00e9 Petr Vako\u010d\u2026<\/strong><\/p>\n\n\n\n<p>Za\u010dal bych Romanem. Je to obrovsk\u00e1 osobnost \u010desk\u00e9 cyklistiky, fenom\u00e9n, nikdo v\u00edc nedok\u00e1zal. Je juniorsk\u00fd mistr sv\u011bta, vyhr\u00e1l Kolem \u0160v\u00fdcarska, Romandii, Amstel, byl p\u00e1t\u00fd na Tour de France! To jsou neskute\u010dn\u00e9 \u00fasp\u011bchy. Je\u0161t\u011b by si zaslou\u017eil etapu na Tour, ale \u010dlov\u011bk n\u011bkdy nem\u016f\u017ee m\u00edt v\u0161echno. Ob\u010das musel na Grand Tours plnit i t\u00fdmovou taktiku. Kdyby jel v&nbsp;ro\u010dn\u00edku, kdy skon\u010dil p\u00e1t\u00fd, na sebe, a nemusel pom\u00e1hat Contadorovi, mohl b\u00fdt je\u0161t\u011b lep\u0161\u00ed. Ale m\u016f\u017ee si \u0159\u00edct: m\u011bl jsem kr\u00e1snou kari\u00e9ru. Cyklistika mu dala \u00fapln\u011b v\u0161echno a skon\u010dil v&nbsp;prav\u00fd \u010das, i kdy\u017e by se sv\u00fdm jm\u00e9nem a kontakty smlouvu asi je\u0161t\u011b sehnal. Te\u010f jako sportovn\u00ed \u0159editel pozn\u00e1 ji trochu jinou tv\u00e1\u0159 cyklistiky. Ka\u017edop\u00e1dn\u011b bude moc chyb\u011bt a nahradit ho bude t\u011b\u017ek\u00e9. Je pot\u0159eba mu zatleskat.<\/p>\n\n\n\n<p><strong>A co konec Vako\u010de, kter\u00fd ze sv\u011bta cyklistiky odch\u00e1z\u00ed u\u017e v&nbsp;dev\u011btadvaceti?<\/strong><\/p>\n\n\n\n<p>Bylo to p\u0159ekvapen\u00ed pro v\u0161echny, pozici v\u00a0t\u00fdmu m\u011bl slu\u0161nou a byl v\u00a0nejlep\u0161\u00edm cyklistick\u00e9m v\u011bku. Ale vyhodnotil si to tak, \u017ee chce za\u010d\u00edt jinou etapu \u017eivota, chce studovat, v\u011bnovat se v\u00fd\u017eiv\u011b. I tohle rozhodnut\u00ed je hodno velk\u00e9ho sportovce. Byl to velk\u00fd prof\u00edk, kter\u00fd m\u011bl v\u0161echno v\u00a0hlav\u011b perfektn\u011b srovnan\u00e9. V\u017edy \u0161el za v\u00edt\u011bzstv\u00edm. Vyzdvihl bych jeho n\u00e1vrat po tom t\u011b\u017ek\u00e9m zran\u011bn\u00ed, kdy ho srazil kami\u00f3n. Nikdo si nedok\u00e1\u017ee p\u0159edstavit, \u010d\u00edm si pro\u0161el. M\u011bl excelentn\u00ed rok 2016 a na za\u010d\u00e1tku dal\u0161\u00ed sez\u00f3ny p\u0159i\u0161lo tohle. Bylo to moc t\u011b\u017ek\u00e9 zran\u011bn\u00ed, ze za\u010d\u00e1tku nev\u011bd\u011bl, jestli v\u016fbec bude chodit. Ale dok\u00e1zal se z\u00a0toho v\u0161eho dostat a vr\u00e1tit se ve velk\u00e9m stylu a\u017e na Tour de France. To mluv\u00ed za v\u0161e. A skon\u010dit po tomhle, klobouk dol\u016f.<\/p>\n\n\n\n<figure class=\"wp-block-image size-large\"><img decoding=\"async\" src=\"https:\/\/www.czechcyclingfederation.com\/wp-content\/uploads\/2021\/10\/WK-ITT-JUN-WOMEN-002299-1024x764.jpg\" alt=\"\" class=\"wp-image-10159\"\/><figcaption>Leuven &#8211; Belgium  &#8211; wielrennen &#8211; cycling &#8211; cyclisme &#8211; radsport &#8211; Gabriela B\u00e1rtov\u00e1 (CZE) pictured during World Championships Cycling &#8211; road race women juniores between Antwerp and Leuven (75KM) &#8211; photo Davy Rietbergen\/Cor Vos \u00a9 2021<\/figcaption><\/figure>\n\n\n\n<figure class=\"wp-block-image size-large\"><img decoding=\"async\" src=\"https:\/\/www.czechcyclingfederation.com\/wp-content\/uploads\/2021\/10\/unnamed-file-1024x683.jpg\" alt=\"\" class=\"wp-image-10163\"\/><figcaption>Brugge &#8211; Belgium  &#8211; wielrennen &#8211; cycling &#8211; cyclisme &#8211; radsport &#8211; Matyas Kopecky (CZE) pictured during World Championships Cycling &#8211; ITT -Time trial for men juniores  between Knokke-Heist and Bruges (22.3KM)  &#8211; photo Dion Kerckhoffs\/Cor Vos \u00a9 2021<\/figcaption><\/figure>\n\n\n\n<figure class=\"wp-block-image size-large\"><img decoding=\"async\" src=\"https:\/\/www.czechcyclingfederation.com\/wp-content\/uploads\/2021\/10\/WK-ITT-JUN-VROUW-001364-1-1024x683.jpg\" alt=\"\" class=\"wp-image-10164\"\/><figcaption>Brugge &#8211; Belgium  &#8211; wielrennen &#8211; cycling &#8211; cyclisme &#8211; radsport &#8211; Eliska Kvasnickova (CZE) pictured during World Championships Cycling &#8211; ITT -Time trial for junior women between Knokke-Heist and Bruges (19.3KM)  &#8211; photo Dion Kerckhoffs\/Cor Vos \u00a9 2021<\/figcaption><\/figure>\n\n\n\n<figure class=\"wp-block-image size-large\"><img decoding=\"async\" src=\"https:\/\/www.czechcyclingfederation.com\/wp-content\/uploads\/2021\/10\/WK-ROAD-JUN-MEN-002034-1024x683.jpg\" alt=\"\" class=\"wp-image-10165\"\/><figcaption>Leuven &#8211; Belgium  &#8211; wielrennen &#8211; cycling &#8211; cyclisme &#8211; radsport &#8211; onbekend (CZE) pictured during World Championships Cycling &#8211; road race men juniors  between Leuven and Leuven (121.4KM) &#8211; photo Davy Rietbergen\/Cor Vos \u00a9 2021<\/figcaption><\/figure>\n\n\n\n<figure class=\"wp-block-image size-large\"><img decoding=\"async\" src=\"https:\/\/www.czechcyclingfederation.com\/wp-content\/uploads\/2021\/10\/241222565_10217588694662711_102205336912838082_n-1024x768.jpeg\" alt=\"\" class=\"wp-image-10157\"\/><\/figure>\n\n\n\n<figure class=\"wp-block-image size-large\"><img decoding=\"async\" src=\"http:\/\/www.czechcyclingfederation.com\/wp-content\/uploads\/2021\/09\/ME_2021_Michael-Kukrle.jpg\" alt=\"\" class=\"wp-image-9619\"\/><\/figure>\n\n\n\n<figure class=\"wp-block-image size-large\"><img decoding=\"async\" src=\"http:\/\/www.czechcyclingfederation.com\/wp-content\/uploads\/2021\/09\/c8deb51e-765e-47f3-8327-3c48c07e2007-1024x768.jpg\" alt=\"\" class=\"wp-image-9723\"\/><\/figure>\n\n\n\n<figure class=\"wp-block-image size-large\"><img decoding=\"async\" src=\"http:\/\/www.czechcyclingfederation.com\/wp-content\/uploads\/2021\/09\/03ca2a75-3964-41fe-b855-8ec0bb62628d-1024x768.jpg\" alt=\"\" class=\"wp-image-9720\"\/><\/figure>\n\n\n\n<figure class=\"wp-block-image size-large\"><img loading=\"lazy\" decoding=\"async\" width=\"1024\" height=\"768\" src=\"http:\/\/www.czechcyclingfederation.com\/wp-content\/uploads\/2021\/07\/IMG-20210720-WA0057-1024x768.jpg\" alt=\"\" class=\"wp-image-8307\" srcset=\"https:\/\/www.czechcyclingfederation.com\/wp-content\/uploads\/2021\/07\/IMG-20210720-WA0057-1024x768.jpg 1024w, https:\/\/www.czechcyclingfederation.com\/wp-content\/uploads\/2021\/07\/IMG-20210720-WA0057-267x200.jpg 267w, https:\/\/www.czechcyclingfederation.com\/wp-content\/uploads\/2021\/07\/IMG-20210720-WA0057-768x576.jpg 768w, https:\/\/www.czechcyclingfederation.com\/wp-content\/uploads\/2021\/07\/IMG-20210720-WA0057-1536x1152.jpg 1536w, https:\/\/www.czechcyclingfederation.com\/wp-content\/uploads\/2021\/07\/IMG-20210720-WA0057-1320x990.jpg 1320w, https:\/\/www.czechcyclingfederation.com\/wp-content\/uploads\/2021\/07\/IMG-20210720-WA0057.jpg 1600w\" sizes=\"auto, (max-width: 1024px) 100vw, 1024px\" \/><\/figure>\n\n\n\n<figure class=\"wp-block-image size-large\"><img decoding=\"async\" src=\"http:\/\/www.czechcyclingfederation.com\/wp-content\/uploads\/2021\/09\/BrychtaJan_Elkov_Kasper_20210408_103923_DSC_1566-681x1024.jpeg\" alt=\"\" class=\"wp-image-9570\"\/><\/figure>\n\n\n\n<figure class=\"wp-block-image size-large\"><img decoding=\"async\" src=\"http:\/\/www.czechcyclingfederation.com\/wp-content\/uploads\/2021\/10\/245113507_289102616368678_6624729764472385868_n-1024x1024.jpeg\" alt=\"\" class=\"wp-image-10019\"\/><\/figure>\n","protected":false},"excerpt":{"rendered":"<p>Silni\u010dn\u00ed sez\u00f3na 2021 je u konce. \u010cesk\u00e1 cyklistika se v&nbsp;n\u00ed na reprezenta\u010dn\u00ed \u00farovni rozhodn\u011b neztratila a v\u0161e vygradovalo skv\u011bl\u00fdm sedm\u00fdm m\u00edstem Zde\u0148ka \u0160tybara mezi mu\u017eskou elitou na mistrovstv\u00ed sv\u011bta v Belgii. Tren\u00e9r reprezentace Tom\u00e1\u0161 Kone\u010dn\u00fd je r\u00e1d i za mladou generaci, zejm\u00e9na juniory a mu\u017ee U23, o kter\u00fdch podle n\u011bj v&nbsp;p\u0159\u00ed\u0161t\u00edch letech je\u0161t\u011b hodn\u011b usly\u0161\u00edme. [&hellip;]<\/p>\n","protected":false},"author":15,"featured_media":0,"comment_status":"closed","ping_status":"open","sticky":false,"template":"","format":"standard","meta":{"footnotes":""},"categories":[2,18,106],"tags":[11],"class_list":["post-10154","post","type-post","status-publish","format-standard","hentry","category-novinky","category-silnice","category-silnice-reprezentace","tag-silnice"],"_links":{"self":[{"href":"https:\/\/www.czechcyclingfederation.com\/en\/wp-json\/wp\/v2\/posts\/10154","targetHints":{"allow":["GET"]}}],"collection":[{"href":"https:\/\/www.czechcyclingfederation.com\/en\/wp-json\/wp\/v2\/posts"}],"about":[{"href":"https:\/\/www.czechcyclingfederation.com\/en\/wp-json\/wp\/v2\/types\/post"}],"author":[{"embeddable":true,"href":"https:\/\/www.czechcyclingfederation.com\/en\/wp-json\/wp\/v2\/users\/15"}],"replies":[{"embeddable":true,"href":"https:\/\/www.czechcyclingfederation.com\/en\/wp-json\/wp\/v2\/comments?post=10154"}],"version-history":[{"count":0,"href":"https:\/\/www.czechcyclingfederation.com\/en\/wp-json\/wp\/v2\/posts\/10154\/revisions"}],"wp:attachment":[{"href":"https:\/\/www.czechcyclingfederation.com\/en\/wp-json\/wp\/v2\/media?parent=10154"}],"wp:term":[{"taxonomy":"category","embeddable":true,"href":"https:\/\/www.czechcyclingfederation.com\/en\/wp-json\/wp\/v2\/categories?post=10154"},{"taxonomy":"post_tag","embeddable":true,"href":"https:\/\/www.czechcyclingfederation.com\/en\/wp-json\/wp\/v2\/tags?post=10154"}],"curies":[{"name":"wp","href":"https:\/\/api.w.org\/{rel}","templated":true}]}}