{"id":10146,"date":"2021-10-28T19:07:40","date_gmt":"2021-10-28T17:07:40","guid":{"rendered":"https:\/\/www.czechcyclingfederation.com\/?p=10146"},"modified":"2021-10-28T19:13:41","modified_gmt":"2021-10-28T17:13:41","slug":"zemrel-jiri-opavsky","status":"publish","type":"post","link":"https:\/\/www.czechcyclingfederation.com\/en\/zemrel-jiri-opavsky\/","title":{"rendered":"Zem\u0159el Ji\u0159\u00ed Opavsk\u00fd"},"content":{"rendered":"\n<p>V sobotu 23. \u0159\u00edjna zem\u0159el pan Ji\u0159\u00ed Opavsk\u00fd, kter\u00fd slavil v lednu devades\u00e1t\u00e9 narozeniny. Poh\u0159eb se uskute\u010dn\u00ed 2. listopadu ve 14:00 v Jind\u0159ichov\u011b Hradci v kostele sv. V\u00e1clava.<\/p>\n\n\n\n<p>Ji\u0159\u00ed Opavsk\u00fd za\u010d\u00ednal s cyklistikou v roce 1949 v Brn\u011b v SK \u017didenice. V roce 1951 nastoupil do Dukly Praha a ji\u017e o rok pozd\u011bji se p\u0159ipravoval na olympijsk\u00e9 hry v Helsink\u00e1ch kam nakonec neodjel. V roce 1956 se ji\u017e nominoval na olympi\u00e1du v Melbourne, kde se um\u00edstil ve st\u00edha\u010dce dru\u017estev spole\u010dn\u011b s Jaroslavem Cihl\u00e1\u0159em, Franti\u0161kem Jursou a Ji\u0159\u00edm Nouzou na p\u00e1t\u00e9m m\u00edst\u011b.<\/p>\n\n\n\n<p>Ji\u0159\u00ed Opavsk\u00fd byl i v\u00fdborn\u00fdm rychlobrusla\u0159em a pozd\u011bji i silni\u010d\u00e1\u0159em. Dostal se i do \u0161ir\u0161\u00ed nominace na zimn\u00ed olympijsk\u00e9 hry v roce 1956, kter\u00e9 se konaly v It\u00e1lii Cortina d&#8217;Ampezz a dokonce i na dal\u0161\u00ed letn\u00ed OH v \u0158\u00edm\u011b v roce 1960. \u00da\u010dast mu v\u0161ak v\u017edy o vl\u00e1sek unikla. V roce 1959 m\u011bl startovat na Z\u00e1vod\u011b m\u00edru. Z osobn\u00edch d\u016fvod\u016f v\u0161ak \u00fa\u010dast odm\u00edtl a v roce 1968 emigroval do \u0160v\u00e9dska. Ji\u0159\u00ed Opavsk\u00fd byl dev\u00edtin\u00e1sobn\u00fdm mistrem \u010cR na dr\u00e1ze.<\/p>\n\n\n\n<p>Ve \u0160v\u00e9dsku v 45 letech za\u010dal se z\u00e1vodn\u00ed \u010dinnost\u00ed v kategorii Old boys ingre. Z\u00edskal pak celkem 44 titul\u016f mistra \u0160v\u00e9dska na silnici a v \u010dasovce, t\u0159ikr\u00e1t se stal mistrem Evropy na silnici a osmkr\u00e1t mistrem sv\u011bta v kategori\u00edch masters.<\/p>\n\n\n\n<figure class=\"wp-block-image size-large\"><img loading=\"lazy\" decoding=\"async\" width=\"768\" height=\"1024\" src=\"http:\/\/www.czechcyclingfederation.com\/wp-content\/uploads\/2021\/10\/Opavsky-1632300097492-768x1024.jpg\" alt=\"\" class=\"wp-image-10147\" srcset=\"https:\/\/www.czechcyclingfederation.com\/wp-content\/uploads\/2021\/10\/Opavsky-1632300097492-768x1024.jpg 768w, https:\/\/www.czechcyclingfederation.com\/wp-content\/uploads\/2021\/10\/Opavsky-1632300097492-150x200.jpg 150w, https:\/\/www.czechcyclingfederation.com\/wp-content\/uploads\/2021\/10\/Opavsky-1632300097492-1152x1536.jpg 1152w, https:\/\/www.czechcyclingfederation.com\/wp-content\/uploads\/2021\/10\/Opavsky-1632300097492-1536x2048.jpg 1536w, https:\/\/www.czechcyclingfederation.com\/wp-content\/uploads\/2021\/10\/Opavsky-1632300097492-1320x1760.jpg 1320w, https:\/\/www.czechcyclingfederation.com\/wp-content\/uploads\/2021\/10\/Opavsky-1632300097492-scaled.jpg 1920w\" sizes=\"auto, (max-width: 768px) 100vw, 768px\" \/><\/figure>\n\n\n<div class=\"wp-block-file\">\r\n                <a target=\"_blank\" rel=\"noopener\" href=\"https:\/\/www.czechcyclingfederation.com\/wp-content\/uploads\/2021\/10\/Parte-Jiri-Opavsky.pdf\" class=\"wp-block-file__button wp-element-button\">\r\n                    <span class=\"wp-block-file__icon\"><\/span>\r\n                    Parte-Jiri-Opavsky\r\n                <\/a>\r\n            <\/div>","protected":false},"excerpt":{"rendered":"<p>V sobotu 23. \u0159\u00edjna zem\u0159el pan Ji\u0159\u00ed Opavsk\u00fd, kter\u00fd slavil v lednu devades\u00e1t\u00e9 narozeniny. Poh\u0159eb se uskute\u010dn\u00ed 2. listopadu ve 14:00 v Jind\u0159ichov\u011b Hradci v kostele sv. V\u00e1clava. Ji\u0159\u00ed Opavsk\u00fd za\u010d\u00ednal s cyklistikou v roce 1949 v Brn\u011b v SK \u017didenice. V roce 1951 nastoupil do Dukly Praha a ji\u017e o rok pozd\u011bji se p\u0159ipravoval [&hellip;]<\/p>\n","protected":false},"author":8,"featured_media":0,"comment_status":"closed","ping_status":"open","sticky":false,"template":"","format":"standard","meta":{"footnotes":""},"categories":[2,33,65],"tags":[],"class_list":["post-10146","post","type-post","status-publish","format-standard","hentry","category-novinky","category-osobnosti-cyklistiky","category-subdisciplina"],"_links":{"self":[{"href":"https:\/\/www.czechcyclingfederation.com\/en\/wp-json\/wp\/v2\/posts\/10146","targetHints":{"allow":["GET"]}}],"collection":[{"href":"https:\/\/www.czechcyclingfederation.com\/en\/wp-json\/wp\/v2\/posts"}],"about":[{"href":"https:\/\/www.czechcyclingfederation.com\/en\/wp-json\/wp\/v2\/types\/post"}],"author":[{"embeddable":true,"href":"https:\/\/www.czechcyclingfederation.com\/en\/wp-json\/wp\/v2\/users\/8"}],"replies":[{"embeddable":true,"href":"https:\/\/www.czechcyclingfederation.com\/en\/wp-json\/wp\/v2\/comments?post=10146"}],"version-history":[{"count":3,"href":"https:\/\/www.czechcyclingfederation.com\/en\/wp-json\/wp\/v2\/posts\/10146\/revisions"}],"predecessor-version":[{"id":10152,"href":"https:\/\/www.czechcyclingfederation.com\/en\/wp-json\/wp\/v2\/posts\/10146\/revisions\/10152"}],"wp:attachment":[{"href":"https:\/\/www.czechcyclingfederation.com\/en\/wp-json\/wp\/v2\/media?parent=10146"}],"wp:term":[{"taxonomy":"category","embeddable":true,"href":"https:\/\/www.czechcyclingfederation.com\/en\/wp-json\/wp\/v2\/categories?post=10146"},{"taxonomy":"post_tag","embeddable":true,"href":"https:\/\/www.czechcyclingfederation.com\/en\/wp-json\/wp\/v2\/tags?post=10146"}],"curies":[{"name":"wp","href":"https:\/\/api.w.org\/{rel}","templated":true}]}}