{"id":10139,"date":"2021-10-27T11:00:12","date_gmt":"2021-10-27T09:00:12","guid":{"rendered":"https:\/\/www.czechcyclingfederation.com\/?p=10139"},"modified":"2021-10-27T11:00:14","modified_gmt":"2021-10-27T09:00:14","slug":"uzavreni-sekretariatu-csc","status":"publish","type":"post","link":"https:\/\/www.czechcyclingfederation.com\/en\/uzavreni-sekretariatu-csc\/","title":{"rendered":"Uzav\u0159en\u00ed sekretari\u00e1tu \u010cSC"},"content":{"rendered":"\n<p>V p\u00e1tek 29.10.2021 bude z provozn\u00edch d\u016fvod\u016f uzav\u0159en sekretari\u00e1t \u010cSC.<\/p>\n","protected":false},"excerpt":{"rendered":"<p>V p\u00e1tek 29.10.2021 bude z provozn\u00edch d\u016fvod\u016f uzav\u0159en sekretari\u00e1t \u010cSC.<\/p>\n","protected":false},"author":2,"featured_media":4834,"comment_status":"closed","ping_status":"open","sticky":false,"template":"","format":"standard","meta":{"footnotes":""},"categories":[28,2],"tags":[119],"class_list":["post-10139","post","type-post","status-publish","format-standard","has-post-thumbnail","hentry","category-cesky-svaz-cyklistiky","category-novinky","tag-csc"],"_links":{"self":[{"href":"https:\/\/www.czechcyclingfederation.com\/en\/wp-json\/wp\/v2\/posts\/10139","targetHints":{"allow":["GET"]}}],"collection":[{"href":"https:\/\/www.czechcyclingfederation.com\/en\/wp-json\/wp\/v2\/posts"}],"about":[{"href":"https:\/\/www.czechcyclingfederation.com\/en\/wp-json\/wp\/v2\/types\/post"}],"author":[{"embeddable":true,"href":"https:\/\/www.czechcyclingfederation.com\/en\/wp-json\/wp\/v2\/users\/2"}],"replies":[{"embeddable":true,"href":"https:\/\/www.czechcyclingfederation.com\/en\/wp-json\/wp\/v2\/comments?post=10139"}],"version-history":[{"count":1,"href":"https:\/\/www.czechcyclingfederation.com\/en\/wp-json\/wp\/v2\/posts\/10139\/revisions"}],"predecessor-version":[{"id":10140,"href":"https:\/\/www.czechcyclingfederation.com\/en\/wp-json\/wp\/v2\/posts\/10139\/revisions\/10140"}],"wp:featuredmedia":[{"embeddable":true,"href":"https:\/\/www.czechcyclingfederation.com\/en\/wp-json\/wp\/v2\/media\/4834"}],"wp:attachment":[{"href":"https:\/\/www.czechcyclingfederation.com\/en\/wp-json\/wp\/v2\/media?parent=10139"}],"wp:term":[{"taxonomy":"category","embeddable":true,"href":"https:\/\/www.czechcyclingfederation.com\/en\/wp-json\/wp\/v2\/categories?post=10139"},{"taxonomy":"post_tag","embeddable":true,"href":"https:\/\/www.czechcyclingfederation.com\/en\/wp-json\/wp\/v2\/tags?post=10139"}],"curies":[{"name":"wp","href":"https:\/\/api.w.org\/{rel}","templated":true}]}}