{"id":10074,"date":"2021-10-21T09:53:34","date_gmt":"2021-10-21T07:53:34","guid":{"rendered":"https:\/\/www.czechcyclingfederation.com\/?p=10074"},"modified":"2021-10-21T09:53:37","modified_gmt":"2021-10-21T07:53:37","slug":"vyhlaseni-celkoveho-poradi-cp-mladeze-techniserv-cupu-a-carla-kriterijni-ligy","status":"publish","type":"post","link":"https:\/\/www.czechcyclingfederation.com\/en\/vyhlaseni-celkoveho-poradi-cp-mladeze-techniserv-cupu-a-carla-kriterijni-ligy\/","title":{"rendered":"Vyhl\u00e1\u0161en\u00ed celkov\u00e9ho po\u0159ad\u00ed \u010cP ml\u00e1de\u017ee Techniserv Cupu a Carla krit\u00e9rijn\u00ed ligy"},"content":{"rendered":"\n<p>Konec silni\u010dn\u00ed sezony se kvapem bl\u00ed\u017e\u00ed a to je \u010das pro bilancov\u00e1n\u00ed, ale tak\u00e9 vyhla\u0161ov\u00e1n\u00ed t\u011bch nejlep\u0161\u00edch.\u00a0 Ty pro \u00fasp\u011b\u0161n\u00e9 jezdce \u010cesk\u00e9ho poh\u00e1ru ml\u00e1de\u017ee Techniserv Cupu a Carla krit\u00e9rijn\u00ed ligy se uskute\u010dn\u00ed na velodromu Motol 27. Listopadu p\u0159i z\u00e1vodu \u010cesk\u00e9ho dr\u00e1hov\u00e9ho poh\u00e1ru od 15:00.<\/p>\n\n\n\n<p>Po\u0159ad\u00ed t\u0159\u00ed nej\u00fasp\u011b\u0161n\u011bj\u0161\u00edch obou seri\u00e1lech:<\/p>\n\n\n\n<p>Carla &#8211; krit\u00e9rijn\u00ed liga:<\/p>\n\n\n\n<p>\u017deny:<\/p>\n\n\n\n<p>1. Burlov\u00e1 400, 2. Macha\u010dov\u00e1 (ob\u011b Dukla Praha) 363, 3. Filipov\u00e1 (KOVO Praha) 362. 4. Bajgerov\u00e1 (Dukla Praha) 350, 5. Van\u00ed\u010dkov\u00e1 (Brilon Racing Team MB) 275, 6. Hartychov\u00e1 (Dukla Praha) 250.&nbsp;&nbsp;&nbsp;&nbsp;&nbsp;&nbsp;&nbsp;&nbsp;&nbsp;&nbsp;&nbsp;&nbsp;&nbsp;&nbsp;&nbsp;&nbsp;&nbsp;&nbsp;&nbsp;&nbsp;&nbsp;&nbsp;&nbsp;&nbsp;&nbsp;&nbsp;&nbsp;&nbsp;&nbsp;&nbsp;&nbsp;&nbsp;<\/p>\n\n\n\n<p>Juniorky:<\/p>\n\n\n\n<p>1.Slan\u00edkov\u00e1 (Roman Kreuziger Cycling Academy) 450, 2. Zemanov\u00e1 (Brilon Raicng Team MB) 445, 3. B\u00e1rtov\u00e1 (TUFO Pardus Prost\u011bjov) 380.<\/p>\n\n\n\n<p>Kadetky:<\/p>\n\n\n\n<p>1. Markov\u00e1 (Dukla Praha) 760, 2. Dost\u00e1lov\u00e1 (LYKO Klub Prachatice) 690, 3. Grulichov\u00e1 (TUFO Pardus Prost\u011bjov) 432.<\/p>\n\n\n\n<p>Star\u0161\u00ed \u017e\u00e1kan\u011b:<\/p>\n\n\n\n<p>1. Cermanov\u00e1 (Author Team Stupno) 750, 2. Strakat\u00e1 (Dukla Praha) 510, 3. Hermanov\u00e1 (SportRaces Cycling Team) 345.&nbsp;&nbsp;&nbsp;&nbsp;&nbsp;&nbsp;&nbsp;&nbsp;&nbsp;&nbsp;&nbsp;&nbsp;&nbsp;&nbsp;&nbsp;&nbsp;&nbsp;&nbsp;&nbsp;&nbsp;&nbsp;&nbsp;&nbsp;&nbsp;&nbsp;&nbsp;&nbsp;&nbsp;&nbsp;&nbsp;&nbsp;&nbsp;&nbsp;&nbsp;&nbsp;&nbsp;&nbsp;&nbsp;&nbsp;&nbsp;&nbsp;&nbsp;<\/p>\n\n\n\n<p>Mlad\u0161\u00ed \u017e\u00e1kyn\u011b:<\/p>\n\n\n\n<p>1. S\u00edtkov\u00e1 (ACK Star\u00e1 Ves nad Ond\u0159ejnic\u00ed) 260, 2. Kol\u00e1\u0159ov\u00e1 (AUTO \u0160koda Ml. Boleslav) 240, 3. Jaro\u0161ov\u00e1 (Cyklomira Racing) 220.&nbsp;&nbsp;&nbsp;&nbsp;&nbsp;&nbsp;&nbsp;&nbsp;&nbsp;&nbsp;&nbsp;&nbsp;&nbsp;&nbsp;&nbsp;&nbsp;&nbsp;&nbsp;&nbsp;&nbsp;&nbsp;&nbsp;&nbsp;&nbsp;&nbsp;&nbsp;&nbsp;&nbsp;&nbsp;&nbsp;&nbsp;&nbsp;&nbsp;&nbsp;&nbsp;&nbsp;&nbsp;&nbsp;&nbsp;&nbsp;&nbsp;&nbsp;&nbsp;&nbsp; &nbsp;&nbsp;&nbsp;&nbsp;&nbsp;&nbsp;&nbsp;&nbsp;&nbsp;&nbsp;&nbsp;&nbsp;&nbsp;&nbsp;&nbsp;&nbsp;&nbsp;&nbsp;&nbsp;&nbsp;&nbsp;&nbsp;&nbsp;&nbsp;&nbsp;&nbsp;&nbsp;<\/p>\n\n\n\n<p>Junio\u0159i:<\/p>\n\n\n\n<p>1. \u0160irok\u00fd (TJ Favorit Brno) 565, 2. M. Kobl\u00ed\u017eek (TUFO Pardus Prost\u011bjov) 450, 3. \u010cerv\u00ed\u010dek (Dukla Praha) 371.<\/p>\n\n\n\n<p>Kadeti:<\/p>\n\n\n\n<p>1. V. Kobl\u00ed\u017eek (TUFO Pardus Prost\u011bjov) 525, 2. Vl\u010dek 405, 3. Rob. Kobr (oba Roman Kreuziger Cycling Academy) 388.<\/p>\n\n\n\n<p>Star\u0161\u00ed \u017e\u00e1ci:<\/p>\n\n\n\n<p>1. Ra\u0161ka (Mapei Merida Ka\u0148skovsk\u00fd) 580, 2. Richter (TJ Favorit Brno) 470, 3. Pit\u00e1k (Mapei Merida Ka\u0148skovsk\u00fd) 425.&nbsp;&nbsp;&nbsp;&nbsp;&nbsp;&nbsp;&nbsp;&nbsp;&nbsp;&nbsp;&nbsp;&nbsp;&nbsp;&nbsp;&nbsp;&nbsp;&nbsp;&nbsp;&nbsp;&nbsp;&nbsp;&nbsp;&nbsp;&nbsp;&nbsp;&nbsp;&nbsp;&nbsp;&nbsp;&nbsp;&nbsp;&nbsp;&nbsp;&nbsp;&nbsp;&nbsp;&nbsp;&nbsp;<\/p>\n\n\n\n<p>Mlad\u0161\u00ed \u017e\u00e1ci:<\/p>\n\n\n\n<p>1. M. Kr\u00e1l (Dukla Praha) 640, 2. Kani\u0161\u010dev (TUFO Pardus Prost\u011bjov) 550, 3. Tome\u010dek (Mapei Merida Ka\u0148kovsk\u00fd) 342.&nbsp;&nbsp;&nbsp;<\/p>\n\n\n\n<p>x-x-x<\/p>\n\n\n\n<p>Technierv Cup:<\/p>\n\n\n\n<p>\u017deny:<\/p>\n\n\n\n<p>1. Macha\u010dov\u00e1 387, 2. Bajgerov\u00e1 360, 3. Burlov\u00e1 309, 4. Sl\u00e1mov\u00e1 (Cykloktrenink) 294, 5. Noskov\u00e1 (SD Worx) 293, 6. Hartychov\u00e1 261.<\/p>\n\n\n\n<p>Juniorky:<\/p>\n\n\n\n<p>1. Kvasni\u010dkov\u00e1 (Sportraces Cycling Team) 452, 2. Parmov\u00e1 (TJ Stadion Louny) 432, 3. Zemanov\u00e1 366.<\/p>\n\n\n\n<p>Kadetky:<\/p>\n\n\n\n<p>1. Markov\u00e1 621, 2. Dost\u00e1lov\u00e1 410, 3. Grulichov\u00e1 391.<\/p>\n\n\n\n<p>Star\u0161\u00ed \u017e\u00e1kyn\u011b:<\/p>\n\n\n\n<p>1. Cermanov\u00e1 559, 2. Strakat\u00e1 372, 3. Grohov\u00e1 (Author Team Stupno) 319.<\/p>\n\n\n\n<p>Mlad\u0161\u00ed \u017e\u00e1kyn\u011b:<\/p>\n\n\n\n<p>1. S\u00edtkov\u00e1 400, 2. Jaro\u0161ov\u00e1 367, 3. Frydrychov\u00e1 (Auto \u0160koda Mlad\u00e1 Boleslav) 343.<\/p>\n\n\n\n<p>Junio\u0159i:<\/p>\n\n\n\n<p>1. M. Kopeck\u00fd (Acrog Tormans) 473, 2. Sporych (Roman Kreuziger Cycling Academy) 366. 3. Kadlec (Dukla Praha) 333.<\/p>\n\n\n\n<p>Kadeti:<\/p>\n\n\n\n<p>1. Rich. Kobr (Roman Kreuziger Cycling Academy)&nbsp;&nbsp;&nbsp; 429, 2. Zah\u00e1lka (CK Slavoj Terez\u00edn &#8211; Cyklo City) 390, 3. B\u00e1rta (TJ Stadion Louny) 348.<\/p>\n\n\n\n<p>Star\u0161\u00ed \u017e\u00e1ci:<\/p>\n\n\n\n<p>1. Ra\u0161ka 715, 2. Pit\u00e1k 506, 3. Rieger (Carla.kupkolo.cz) 492.<\/p>\n\n\n\n<p>Mlad\u0161\u00ed \u017e\u00e1ci:<\/p>\n\n\n\n<p>1. M. Kr\u00e1l 433, 2. Doud\u011bra (Jaroslav Kulhavy Cycling Team) 377, 3. Be\u010dv\u00e1\u0159 (Bike puzzle team) 375.<\/p>\n\n\n\n<figure class=\"wp-block-image size-large\"><img loading=\"lazy\" decoding=\"async\" width=\"1024\" height=\"768\" src=\"https:\/\/www.czechcyclingfederation.com\/wp-content\/uploads\/2021\/10\/IMG-20210605-WA0022-1024x768.jpg\" alt=\"\" class=\"wp-image-10076\" srcset=\"https:\/\/www.czechcyclingfederation.com\/wp-content\/uploads\/2021\/10\/IMG-20210605-WA0022-1024x768.jpg 1024w, https:\/\/www.czechcyclingfederation.com\/wp-content\/uploads\/2021\/10\/IMG-20210605-WA0022-267x200.jpg 267w, https:\/\/www.czechcyclingfederation.com\/wp-content\/uploads\/2021\/10\/IMG-20210605-WA0022-768x576.jpg 768w, https:\/\/www.czechcyclingfederation.com\/wp-content\/uploads\/2021\/10\/IMG-20210605-WA0022-1536x1152.jpg 1536w, https:\/\/www.czechcyclingfederation.com\/wp-content\/uploads\/2021\/10\/IMG-20210605-WA0022-1320x990.jpg 1320w, https:\/\/www.czechcyclingfederation.com\/wp-content\/uploads\/2021\/10\/IMG-20210605-WA0022.jpg 1600w\" sizes=\"auto, (max-width: 1024px) 100vw, 1024px\" \/><\/figure>\n","protected":false},"excerpt":{"rendered":"<p>Konec silni\u010dn\u00ed sezony se kvapem bl\u00ed\u017e\u00ed a to je \u010das pro bilancov\u00e1n\u00ed, ale tak\u00e9 vyhla\u0161ov\u00e1n\u00ed t\u011bch nejlep\u0161\u00edch.\u00a0 Ty pro \u00fasp\u011b\u0161n\u00e9 jezdce \u010cesk\u00e9ho poh\u00e1ru ml\u00e1de\u017ee Techniserv Cupu a Carla krit\u00e9rijn\u00ed ligy se uskute\u010dn\u00ed na velodromu Motol 27. Listopadu p\u0159i z\u00e1vodu \u010cesk\u00e9ho dr\u00e1hov\u00e9ho poh\u00e1ru od 15:00. Po\u0159ad\u00ed t\u0159\u00ed nej\u00fasp\u011b\u0161n\u011bj\u0161\u00edch obou seri\u00e1lech: Carla &#8211; krit\u00e9rijn\u00ed liga: \u017deny: 1. [&hellip;]<\/p>\n","protected":false},"author":8,"featured_media":10075,"comment_status":"closed","ping_status":"open","sticky":false,"template":"","format":"standard","meta":{"footnotes":""},"categories":[2,18],"tags":[11],"class_list":["post-10074","post","type-post","status-publish","format-standard","has-post-thumbnail","hentry","category-novinky","category-silnice","tag-silnice"],"_links":{"self":[{"href":"https:\/\/www.czechcyclingfederation.com\/en\/wp-json\/wp\/v2\/posts\/10074","targetHints":{"allow":["GET"]}}],"collection":[{"href":"https:\/\/www.czechcyclingfederation.com\/en\/wp-json\/wp\/v2\/posts"}],"about":[{"href":"https:\/\/www.czechcyclingfederation.com\/en\/wp-json\/wp\/v2\/types\/post"}],"author":[{"embeddable":true,"href":"https:\/\/www.czechcyclingfederation.com\/en\/wp-json\/wp\/v2\/users\/8"}],"replies":[{"embeddable":true,"href":"https:\/\/www.czechcyclingfederation.com\/en\/wp-json\/wp\/v2\/comments?post=10074"}],"version-history":[{"count":1,"href":"https:\/\/www.czechcyclingfederation.com\/en\/wp-json\/wp\/v2\/posts\/10074\/revisions"}],"predecessor-version":[{"id":10077,"href":"https:\/\/www.czechcyclingfederation.com\/en\/wp-json\/wp\/v2\/posts\/10074\/revisions\/10077"}],"wp:featuredmedia":[{"embeddable":true,"href":"https:\/\/www.czechcyclingfederation.com\/en\/wp-json\/wp\/v2\/media\/10075"}],"wp:attachment":[{"href":"https:\/\/www.czechcyclingfederation.com\/en\/wp-json\/wp\/v2\/media?parent=10074"}],"wp:term":[{"taxonomy":"category","embeddable":true,"href":"https:\/\/www.czechcyclingfederation.com\/en\/wp-json\/wp\/v2\/categories?post=10074"},{"taxonomy":"post_tag","embeddable":true,"href":"https:\/\/www.czechcyclingfederation.com\/en\/wp-json\/wp\/v2\/tags?post=10074"}],"curies":[{"name":"wp","href":"https:\/\/api.w.org\/{rel}","templated":true}]}}