{"id":10046,"date":"2021-10-18T08:50:55","date_gmt":"2021-10-18T06:50:55","guid":{"rendered":"https:\/\/www.czechcyclingfederation.com\/?p=10046"},"modified":"2021-10-18T08:50:58","modified_gmt":"2021-10-18T06:50:58","slug":"startuje-ms-draharu-cesi-chteji-uspet-i-bez-babka","status":"publish","type":"post","link":"https:\/\/www.czechcyclingfederation.com\/en\/startuje-ms-draharu-cesi-chteji-uspet-i-bez-babka\/","title":{"rendered":"Startuje MS dr\u00e1ha\u0159\u016f, \u010ce\u0161i cht\u011bj\u00ed usp\u011bt i bez B\u00e1bka"},"content":{"rendered":"\n<p>Nejlep\u0161\u00ed dom\u00e1c\u00ed sprinter a olympionik Tom\u00e1\u0161 B\u00e1bek ukon\u010dil p\u0159ed p\u00e1r dny po dohod\u011b sez\u00f3nu a bude chyb\u011bt na nadch\u00e1zej\u00edc\u00edm mistrovstv\u00ed sv\u011bta v&nbsp;dr\u00e1hov\u00e9 cyklistice, kter\u00e9 ve st\u0159edu za\u010d\u00edn\u00e1 na velodromu ve francouzsk\u00e9m Roubaix. P\u0159esto mysl\u00ed \u010desk\u00e1 reprezentace na co nejlep\u0161\u00ed v\u00fdsledky.<\/p>\n\n\n\n<p>\u201eTom\u00e1\u0161 n\u00e1m ur\u010dit\u011b bude chyb\u011bt, ale dohodli jsme se, \u017ee jeho sez\u00f3na byla i kv\u016fli olympi\u00e1d\u011b u\u017e hodn\u011b dlouh\u00e1 a pot\u0159ebuje si oddychnout. Mo\u017en\u00e1 to tro\u0161ku pozm\u011bn\u00ed na\u0161e ambice, ale na druhou stranu je tu mo\u017enost vyzkou\u0161et si i n\u011bjak\u00e9 nov\u00e9 varianty,\u201c uvedl reprezenta\u010dn\u00ed tren\u00e9r sprinter\u016f Petr Klime\u0161.<\/p>\n\n\n\n<p>\u201eKv\u016fli pandemii jsme moc nez\u00e1vodili, nav\u00edc nem\u00e1me vyjet\u00e9 m\u00edsto v&nbsp;keirinu. I kv\u016fli tomu jsme i mohli dovolit nechat Tom\u00e1\u0161e doma. Ale moc nechyb\u011blo, a to m\u00edsto jsme m\u011bli. Jen\u017ee Kuba \u0160tastn\u00fd se zranil a nemohl jet na Sv\u011btov\u00fd poh\u00e1r, kde by mu sta\u010dilo vyjet jen p\u00e1r bod\u00edk\u016f,\u201c p\u0159iznal tren\u00e9r.<\/p>\n\n\n\n<p>Jednou z&nbsp;nov\u00fdch variant je slo\u017een\u00ed tria pro t\u00fdmov\u00fd sprint. \u201eDva nov\u00ed kluci z&nbsp;bikrosu, Bohusl\u00e1vek a Topinka, pojedou se zku\u0161en\u00fdm Wagnerem. Nejsou je\u0161t\u011b tak dob\u0159e sehran\u00ed, na d\u0159ev\u011bn\u00e9 dr\u00e1ze jsme m\u011bli minim\u00e1ln\u00ed mo\u017enosti tr\u00e9ninku, ale kdyby se prokousali mezi prvn\u00edch osm, bylo by to skv\u011bl\u00e9. Jestli m\u00e1me tuhle discipl\u00ednu do budoucna stav\u011bt na nov\u00e9 generaci, pak do toho mus\u00edme sko\u010dit co nejd\u0159\u00edv,\u201c vysv\u011btlil Klime\u0161.<\/p>\n\n\n\n<p>Ve sprintu se p\u0159i ne\u00fa\u010dasti B\u00e1bka p\u0159edstav\u00ed \u010cechman. \u201eM\u011bl del\u0161\u00ed volno, ale te\u010f na Evrop\u011b ukazoval, \u017ee se mu vrac\u00ed forma. Uvid\u00edme, na co to bude sta\u010dit. Bez \u0161anc\u00ed na dobr\u00e9 um\u00edst\u011bn\u00ed ur\u010dit\u011b nejsou ani kluci na kilometru. Wagner byl osm\u00fd na mistrovstv\u00ed Evropy, Topinka p\u00e1t\u00fd na Poh\u00e1ru n\u00e1rod\u016f v&nbsp;Kolumbii,\u201c dodal reprezenta\u010dn\u00ed tren\u00e9r.<\/p>\n\n\n\n<p>Hned ve t\u0159ech sprintersk\u00fdch discipl\u00edn\u00e1ch se p\u0159edstav\u00ed debutantka na seniorsk\u00e9m MS Veronika Jaborn\u00edkov\u00e1. \u201eJe to mladi\u010dk\u00e1 z\u00e1vodnice, kter\u00e1 se pot\u0159ebuje sezn\u00e1mit se sv\u011btem velk\u00e9 cyklistiky. Na \u00faplnou \u0161pi\u010dku zat\u00edm asi nem\u00e1, ale dok\u00e1zala si vyjet body do v\u0161ech discipl\u00edn, co\u017e samo o sob\u011b n\u011bco znamen\u00e1,\u201c p\u0159iznal Petr Klime\u0161.<\/p>\n\n\n\n<p>Reprezenta\u010dn\u00ed tren\u00e9r st\u00edha\u010d\u016f Milan Kadlec by za \u00fasp\u011bch pova\u017eoval jak\u00e9koliv um\u00edst\u011bn\u00ed do 5. m\u00edsta. \u201eUr\u010dit\u011b se o to m\u016f\u017ee poprat Babor ve scratchi. Kdy\u017e bude m\u00edt \u0161t\u011bst\u00ed, m\u016f\u017ee myslet i v\u00fd\u0161, t\u0159eba na medaili. \u0160ance m\u00e1 i Rugovac v&nbsp;omniu a d\u00e1l uvid\u00edme,\u201c \u0159ekl b\u00fdval\u00fd reprezentant.<\/p>\n\n\n\n<p>\u201eDobr\u00e9 je, \u017ee jsme se na mistrovstv\u00ed sv\u011bta kvalifikovali skoro ve v\u0161ech discipl\u00edn\u00e1ch. Ud\u011blali jsme pro to docela dost. Bohu\u017eel se n\u00e1m nevyhnuly n\u011bjak\u00e9 zdravotn\u00ed probl\u00e9my, hlavn\u011b u \u017een. Kohoutkov\u00e1 si zlomila kl\u00ed\u010dn\u00ed kost a startovat nem\u016f\u017ee, \u0160ev\u010d\u00edkov\u00e1 zase pa\u017en\u00ed kost, ale ta se na\u0161t\u011bst\u00ed dala dohromady rychleji a v&nbsp;Roubaix jede,\u201c prozradil Kadlec.<\/p>\n\n\n\n<p>\u0160ampion\u00e1t se m\u011bl p\u016fvodn\u011b uskute\u010dnit v&nbsp;dalek\u00e9m Turkmenist\u00e1nu, kv\u016fli pandemii byl v\u0161ak ji\u017e d\u0159\u00edve p\u0159elo\u017een do Francie. \u201eAle i tady plat\u00ed p\u0159\u00edsn\u00e1 opat\u0159en\u00ed, podm\u00ednky jsou dost p\u0159\u00edsn\u00e9. Zat\u00edm to vypad\u00e1, \u017ee budeme v&nbsp;bublin\u011b a z&nbsp;hotelu budeme sm\u011bt jen na velodrom a zp\u00e1tky,\u201c prozradil Kadlec.<\/p>\n\n\n\n<p><strong>Nominace \u010desk\u00e9 reprezentace<\/strong><\/p>\n\n\n\n<p><strong>Mu\u017ei: <\/strong>Martin \u010cechman (sprint), Dominik Topinka, Robin Wagner (oba kilometr s&nbsp;pevn\u00fdm startem, t\u00fdmov\u00fd sprint), Mat\u011bj Bohusl\u00e1vek (t\u00fdmov\u00fd sprint), Denis Rugovac (omnium, madison), Daniel Babor (scratch, madison), Jan Vone\u0161 (vylu\u010dovac\u00ed z\u00e1vod), Nicolas Pietrula (bodovac\u00ed z\u00e1vod).<\/p>\n\n\n\n<p><strong>\u017deny: <\/strong>Veronika Jaborn\u00edkov\u00e1 (sprint, keirin, 500 m s\u00a0pevn\u00fdm startem), Petra \u0160ev\u010d\u00edkov\u00e1 (madison, scratch, vylu\u010dovac\u00ed z\u00e1vod), Jarmila Macha\u010dov\u00e1 (bodovac\u00ed z\u00e1vod, madison).<\/p>\n\n\n\n<p>Foto: \u010cSC<\/p>\n\n\n\n<figure class=\"wp-block-image size-large\"><img decoding=\"async\" src=\"https:\/\/www.czechcyclingfederation.com\/wp-content\/uploads\/2021\/10\/Martin-C\u030cechman_I-1024x711.jpg\" alt=\"\" class=\"wp-image-10048\"\/><\/figure>\n\n\n\n<figure class=\"wp-block-image size-large\"><img decoding=\"async\" src=\"https:\/\/www.czechcyclingfederation.com\/wp-content\/uploads\/2021\/10\/Jarmila-Machac\u030cova\u0301-1024x794.jpg\" alt=\"\" class=\"wp-image-10049\"\/><\/figure>\n","protected":false},"excerpt":{"rendered":"<p>Nejlep\u0161\u00ed dom\u00e1c\u00ed sprinter a olympionik Tom\u00e1\u0161 B\u00e1bek ukon\u010dil p\u0159ed p\u00e1r dny po dohod\u011b sez\u00f3nu a bude chyb\u011bt na nadch\u00e1zej\u00edc\u00edm mistrovstv\u00ed sv\u011bta v&nbsp;dr\u00e1hov\u00e9 cyklistice, kter\u00e9 ve st\u0159edu za\u010d\u00edn\u00e1 na velodromu ve francouzsk\u00e9m Roubaix. P\u0159esto mysl\u00ed \u010desk\u00e1 reprezentace na co nejlep\u0161\u00ed v\u00fdsledky. \u201eTom\u00e1\u0161 n\u00e1m ur\u010dit\u011b bude chyb\u011bt, ale dohodli jsme se, \u017ee jeho sez\u00f3na byla i kv\u016fli [&hellip;]<\/p>\n","protected":false},"author":15,"featured_media":0,"comment_status":"closed","ping_status":"open","sticky":false,"template":"","format":"standard","meta":{"footnotes":""},"categories":[54,105,2],"tags":[9],"class_list":["post-10046","post","type-post","status-publish","format-standard","hentry","category-draha","category-draha-reprezentace","category-novinky","tag-draha"],"_links":{"self":[{"href":"https:\/\/www.czechcyclingfederation.com\/en\/wp-json\/wp\/v2\/posts\/10046","targetHints":{"allow":["GET"]}}],"collection":[{"href":"https:\/\/www.czechcyclingfederation.com\/en\/wp-json\/wp\/v2\/posts"}],"about":[{"href":"https:\/\/www.czechcyclingfederation.com\/en\/wp-json\/wp\/v2\/types\/post"}],"author":[{"embeddable":true,"href":"https:\/\/www.czechcyclingfederation.com\/en\/wp-json\/wp\/v2\/users\/15"}],"replies":[{"embeddable":true,"href":"https:\/\/www.czechcyclingfederation.com\/en\/wp-json\/wp\/v2\/comments?post=10046"}],"version-history":[{"count":0,"href":"https:\/\/www.czechcyclingfederation.com\/en\/wp-json\/wp\/v2\/posts\/10046\/revisions"}],"wp:attachment":[{"href":"https:\/\/www.czechcyclingfederation.com\/en\/wp-json\/wp\/v2\/media?parent=10046"}],"wp:term":[{"taxonomy":"category","embeddable":true,"href":"https:\/\/www.czechcyclingfederation.com\/en\/wp-json\/wp\/v2\/categories?post=10046"},{"taxonomy":"post_tag","embeddable":true,"href":"https:\/\/www.czechcyclingfederation.com\/en\/wp-json\/wp\/v2\/tags?post=10046"}],"curies":[{"name":"wp","href":"https:\/\/api.w.org\/{rel}","templated":true}]}}