{"id":10015,"date":"2021-10-13T08:24:24","date_gmt":"2021-10-13T06:24:24","guid":{"rendered":"https:\/\/www.czechcyclingfederation.com\/?p=10015"},"modified":"2021-10-13T08:34:48","modified_gmt":"2021-10-13T06:34:48","slug":"petr-vakoc-necekane-konci-karieru-myslim-ze-nastal-spravny-cas-na-nove-vyzvy","status":"publish","type":"post","link":"https:\/\/www.czechcyclingfederation.com\/en\/petr-vakoc-necekane-konci-karieru-myslim-ze-nastal-spravny-cas-na-nove-vyzvy\/","title":{"rendered":"Petr Vako\u010d ne\u010dekan\u011b kon\u010d\u00ed kari\u00e9ru: Mysl\u00edm, \u017ee nastal spr\u00e1vn\u00fd \u010das na nov\u00e9 v\u00fdzvy"},"content":{"rendered":"\n<p>St\u0159ede\u010dn\u00ed jednor\u00e1zovka Giro del Veneto v&nbsp;It\u00e1lii bude posledn\u00edm z\u00e1vodem v&nbsp;profesion\u00e1ln\u00ed kari\u00e9\u0159e Petra Vako\u010de. V&nbsp;\u010dervenci mu bylo teprve dev\u011btadvacet, p\u0159esto v&nbsp;\u00fater\u00fd ne\u010dekan\u011b ozn\u00e1mil: Kon\u010d\u00edm! A \u0161okoval t\u00edm \u0159adu lid\u00ed ze sv\u011bta cyklistiky. Odch\u00e1zet p\u0159itom nemusel. V\u00edt\u011bz Brabantsk\u00e9ho \u0161\u00edpu nebo Czech Tour na stole m\u011bl n\u00e1vrh nov\u00e9 smlouvy v&nbsp;t\u00fdmu Alpecin-Fenix. Ale rozhodl se j\u00edt jinou cestou.<\/p>\n\n\n\n<p><strong>Pet\u0159e, kolik lid\u00ed v\u011bd\u011blo, \u017ee chcete skon\u010dit?<\/strong><\/p>\n\n\n\n<p>M\u011bs\u00edc zp\u00e1tky t\u0159eba jen p\u011bt lid\u00ed, hlavn\u011b moji nejbli\u017e\u0161\u00ed. Ale posledn\u00ed dobou u\u017e jsem \u0159ekl v\u00edce lidem. Definitivn\u00ed rozhodnut\u00ed jsem ud\u011blal asi p\u0159ed m\u011bs\u00edcem.<\/p>\n\n\n\n<p><strong>V&nbsp;t\u00fdmu to v\u011bd\u011bli v\u0161ichni?<\/strong><\/p>\n\n\n\n<p>V&nbsp;prvn\u00ed chv\u00edli jen \u0161\u00e9f, se kter\u00fdm jsme \u0159e\u0161ili kontrakt na p\u0159\u00ed\u0161t\u00ed rok. \u0158ekl jsem mu, \u017ee si nejsem p\u0159\u00edli\u0161 jist\u00fd, jestli chci pokra\u010dovat, A jak plynul \u010das, tak jsem \u010d\u00edm d\u00e1l v\u00edc v\u011bd\u011bl, \u017ee u m\u011b u\u017e p\u0159i\u0161el ten spr\u00e1vn\u00fd \u010das na konec.<\/p>\n\n\n\n<p><strong>V&nbsp;dev\u011btadvaceti?<\/strong><\/p>\n\n\n\n<p>J\u00e1 to nikdy nem\u011bl v&nbsp;hlav\u011b nastaven\u00e9 tak, \u017ee chci jezdit, dokud to p\u016fjde. \u0158\u00edkal jsem si, \u017ee budu jezdit tak do t\u0159iceti. V\u017edycky jsem m\u011bl hodn\u011b z\u00e1jm\u016f i mimo kolo a podv\u011bdom\u011b jsem v\u011bd\u011bl, \u017ee chci v \u017eivot\u011b zkusit i n\u011bjak\u00e9 nov\u00e9 projekty.<\/p>\n\n\n\n<p><strong>P\u0159itom jste se letos po p\u011btilet\u00e9 pauze dok\u00e1zal vr\u00e1tit a\u017e na Tour de France. Ani to v\u00e1s nezviklalo?<\/strong><\/p>\n\n\n\n<p>Tour byla \u00fa\u017easn\u00e1 a zavr\u0161ila mou cestu k&nbsp;n\u00e1vratu po zran\u011bn\u00ed z&nbsp;roku 2018 (na soust\u0159ed\u011bn\u00ed v&nbsp;JAR po sr\u00e1\u017ece s&nbsp;autem), kter\u00e1 nebyla rozhodn\u011b lehk\u00e1. Po Tour jsem si za\u010dal \u0159\u00edkat, co bude d\u00e1l a c\u00edtil jsem, \u017ee jsem p\u0159ipraven vydat se na nov\u00e9 dobrodru\u017estv\u00ed. P\u0159edstava, \u017ee budu p\u0159\u00ed\u0161t\u00ed rok d\u011blat n\u011bco jin\u00e9ho, m\u011b nadchla v\u00edc ne\u017e pokra\u010dovat v&nbsp;profesion\u00e1ln\u00ed kari\u00e9\u0159e.<\/p>\n\n\n\n<p><strong>Bylo to t\u011b\u017ek\u00e9 rozhodov\u00e1n\u00ed?<\/strong><\/p>\n\n\n\n<p>Hodn\u011b jsem p\u0159em\u00fd\u0161lel. Byl to souboj hlavy a srdce. Hlava by po\u0159\u00e1d cht\u011bla z\u00e1vodit a srdce c\u00edtilo, \u017ee je \u010das vydat se jinou cestou a tro\u0161ku zvolnit. Bylo slo\u017eit\u00e9 to fin\u00e1ln\u00ed rozhodnut\u00ed ud\u011blat, ale jsem p\u0159esv\u011bd\u010den, \u017ee je spr\u00e1vn\u00e9.<\/p>\n\n\n\n<p><strong>Ani finan\u010dn\u00ed hledisko nehr\u00e1lo roli?<\/strong><\/p>\n\n\n\n<p>Pen\u00edze nejsou v\u0161echno. Je pravda, \u017ee si p\u0159\u00ed\u0161t\u00ed rok na 99 procent nevyd\u011bl\u00e1m to, co bych m\u011bl jako z\u00e1vodn\u00edk. Ale cyklistika se ur\u010dit\u011b ned\u00e1 d\u011blat kv\u016fli pen\u011bz\u016fm. U m\u011b nad v\u0161\u00edm zv\u00edt\u011bzily nov\u00e9 v\u00fdzvy. Nav\u00edc jsem m\u011bl pocit napln\u011bn\u00ed, spokojenosti a taky chu\u0165 odej\u00edt v&nbsp;tom nejlep\u0161\u00edm.<\/p>\n\n\n\n<p><strong>Kam tedy povedou va\u0161e dal\u0161\u00ed kroky?<\/strong><\/p>\n\n\n\n<p>L\u00e1k\u00e1 m\u011b oblast ment\u00e1ln\u00ed p\u0159\u00edpravy, kterou jsem dennodenn\u011b aplikoval b\u011bhem sv\u00e9ho n\u00e1vratu po zran\u011bn\u00ed. R\u00e1d bych v&nbsp;t\u00e9to oblasti pomohl jin\u00fdm. A taky ve zdrav\u00e9 v\u00fd\u017eiv\u011b, kterou jsem hojn\u011b vyu\u017e\u00edval a m\u00e1m s&nbsp;n\u00edm dost zku\u0161enost\u00ed.<\/p>\n\n\n\n<p><strong>Na kole budete jezdit aspo\u0148 pro radost?<\/strong><\/p>\n\n\n\n<p>To ur\u010dit\u011b. Je\u0161t\u011b nem\u00e1m \u00fapln\u011b p\u0159esn\u00e9 pl\u00e1ny, ale l\u00e1kaj\u00ed m\u011b z\u00e1vody v&nbsp;ter\u00e9nu, mo\u017en\u00e1 maratony nebo gravel biky. N\u011bjak\u00e9 z\u00e1vody bych r\u00e1d jezdil a uvid\u00edme, co se namane. Br\u00e1cha \u017eije dlouhodob\u011b v&nbsp;Americe, tak kdyby se n\u011bjak\u00e1 mo\u017enost objevila tam, m\u011bl bych u n\u011bj z\u00e1zem\u00ed. Ale je to p\u0159ed\u010dasn\u00e9, je\u0161t\u011b nem\u00e1m jasno. Ka\u017edop\u00e1dn\u011b se chci dr\u017eet ve form\u011b. U\u017eiju si volno a budu sp\u0159\u00e1dat pl\u00e1ny na budoucnost.<\/p>\n\n\n\n<p><strong>Je tedy mo\u017en\u00e9, \u017ee bude Petr Vako\u010d i p\u0159\u00ed\u0161t\u00ed rok n\u011bkde bojovat o stupn\u011b v\u00edt\u011bz\u016f?<\/strong><\/p>\n\n\n\n<p>Mo\u017en\u00e9 to je, i kdy\u017e u\u017e nemysl\u00edm na n\u011bjakou profi kari\u00e9ru. Ale bylo by to jinde ne\u017e na silnici. A taky bych r\u00e1d je\u0161t\u011b jel n\u011bjak\u00fd z\u00e1vod p\u0159ed \u010desk\u00fdmi fanou\u0161ky, abych se rozlou\u010dil.<\/p>\n\n\n\n<p><strong>Jak\u00e9 jste zaznamenal reakce od lid\u00ed z&nbsp;bran\u017ee?<\/strong><\/p>\n\n\n\n<p>N\u011bkter\u00fdm jsem to \u0159ekl dop\u0159edu. Z&nbsp;\u010desk\u00fdch kluk\u016f to v\u011bd\u011bl \u0160tyby od mistrovstv\u00ed sv\u011bta, Honzovi Hirtovi jsem to \u0159ekl na Lombardii. V\u011bd\u011bl to i reprezenta\u010dn\u00ed tren\u00e9r Tom\u00e1\u0161 Kone\u010dn\u00fd. Ne\u017e jsem to ozn\u00e1mil na soci\u00e1ln\u00edch s\u00edt\u00edch, p\u00e1r lidem jsem to napsal. T\u0159eba \u0161\u00e9fovi Quick Stepu Patricku Lefeverovi. Ten mi hned psal zp\u00e1tky, \u017ee mi p\u0159eje \u0161t\u011bst\u00ed v&nbsp;dal\u0161\u00edch etap\u00e1ch \u017eivota.<\/p>\n\n\n\n<p><strong>Jak reagoval v\u00e1\u0161 velk\u00fd kamar\u00e1d a staronov\u00fd mistr sv\u011bta Julian Alaphilippe?<\/strong><\/p>\n\n\n\n<p>V\u011bd\u011bl, \u017ee o konci uva\u017euju, ale fin\u00e1ln\u00ed rozhodnut\u00ed jsem mu \u0159ekl a\u017e te\u010f. Mluvili jsme spolu, pop\u0159\u00e1l mi \u0161t\u011bst\u00ed. Mrzelo ho, \u017ee se u\u017e nebudeme v\u00eddat v\u00a0pelotonu, ale \u0159\u00edkal, \u017ee se d\u00e1l budeme v\u00eddat mimo n\u011bj. To mi ud\u011blalo velikou radost. Stejn\u011b jako reakce od dal\u0161\u00edch z\u00e1vodn\u00edk\u016f i fanou\u0161k\u016f. V\u0161em moc d\u011bkuju za slova podpory.<\/p>\n\n\n\n<figure class=\"wp-block-image size-large\"><img decoding=\"async\" src=\"http:\/\/www.czechcyclingfederation.com\/wp-content\/uploads\/2021\/09\/DSC_4935-1024x682.jpg\" alt=\"\" class=\"wp-image-9624\"\/><\/figure>\n\n\n\n<figure class=\"wp-block-image size-large\"><img decoding=\"async\" src=\"https:\/\/www.czechcyclingfederation.com\/wp-content\/uploads\/2021\/10\/245113507_289102616368678_6624729764472385868_n-1024x1024.jpeg\" alt=\"\" class=\"wp-image-10019\"\/><\/figure>\n","protected":false},"excerpt":{"rendered":"<p>St\u0159ede\u010dn\u00ed jednor\u00e1zovka Giro del Veneto v&nbsp;It\u00e1lii bude posledn\u00edm z\u00e1vodem v&nbsp;profesion\u00e1ln\u00ed kari\u00e9\u0159e Petra Vako\u010de. V&nbsp;\u010dervenci mu bylo teprve dev\u011btadvacet, p\u0159esto v&nbsp;\u00fater\u00fd ne\u010dekan\u011b ozn\u00e1mil: Kon\u010d\u00edm! A \u0161okoval t\u00edm \u0159adu lid\u00ed ze sv\u011bta cyklistiky. Odch\u00e1zet p\u0159itom nemusel. V\u00edt\u011bz Brabantsk\u00e9ho \u0161\u00edpu nebo Czech Tour na stole m\u011bl n\u00e1vrh nov\u00e9 smlouvy v&nbsp;t\u00fdmu Alpecin-Fenix. Ale rozhodl se j\u00edt jinou cestou. Pet\u0159e, [&hellip;]<\/p>\n","protected":false},"author":15,"featured_media":0,"comment_status":"closed","ping_status":"open","sticky":false,"template":"","format":"standard","meta":{"footnotes":""},"categories":[2,18,106],"tags":[11],"class_list":["post-10015","post","type-post","status-publish","format-standard","hentry","category-novinky","category-silnice","category-silnice-reprezentace","tag-silnice"],"_links":{"self":[{"href":"https:\/\/www.czechcyclingfederation.com\/en\/wp-json\/wp\/v2\/posts\/10015","targetHints":{"allow":["GET"]}}],"collection":[{"href":"https:\/\/www.czechcyclingfederation.com\/en\/wp-json\/wp\/v2\/posts"}],"about":[{"href":"https:\/\/www.czechcyclingfederation.com\/en\/wp-json\/wp\/v2\/types\/post"}],"author":[{"embeddable":true,"href":"https:\/\/www.czechcyclingfederation.com\/en\/wp-json\/wp\/v2\/users\/15"}],"replies":[{"embeddable":true,"href":"https:\/\/www.czechcyclingfederation.com\/en\/wp-json\/wp\/v2\/comments?post=10015"}],"version-history":[{"count":0,"href":"https:\/\/www.czechcyclingfederation.com\/en\/wp-json\/wp\/v2\/posts\/10015\/revisions"}],"wp:attachment":[{"href":"https:\/\/www.czechcyclingfederation.com\/en\/wp-json\/wp\/v2\/media?parent=10015"}],"wp:term":[{"taxonomy":"category","embeddable":true,"href":"https:\/\/www.czechcyclingfederation.com\/en\/wp-json\/wp\/v2\/categories?post=10015"},{"taxonomy":"post_tag","embeddable":true,"href":"https:\/\/www.czechcyclingfederation.com\/en\/wp-json\/wp\/v2\/tags?post=10015"}],"curies":[{"name":"wp","href":"https:\/\/api.w.org\/{rel}","templated":true}]}}