{"id":7,"count":5,"description":"","link":"https:\/\/www.czechcyclingfederation.com\/en\/category\/uvodni-stranka\/","name":"\u00davodn\u00ed str\u00e1nka","slug":"uvodni-stranka","taxonomy":"category","parent":0,"meta":[],"_links":{"self":[{"href":"https:\/\/www.czechcyclingfederation.com\/en\/wp-json\/wp\/v2\/categories\/7","targetHints":{"allow":["GET"]}}],"collection":[{"href":"https:\/\/www.czechcyclingfederation.com\/en\/wp-json\/wp\/v2\/categories"}],"about":[{"href":"https:\/\/www.czechcyclingfederation.com\/en\/wp-json\/wp\/v2\/taxonomies\/category"}],"wp:post_type":[{"href":"https:\/\/www.czechcyclingfederation.com\/en\/wp-json\/wp\/v2\/posts?categories=7"},{"href":"https:\/\/www.czechcyclingfederation.com\/en\/wp-json\/wp\/v2\/events?categories=7"},{"href":"https:\/\/www.czechcyclingfederation.com\/en\/wp-json\/wp\/v2\/sponsors?categories=7"},{"href":"https:\/\/www.czechcyclingfederation.com\/en\/wp-json\/wp\/v2\/svaz?categories=7"},{"href":"https:\/\/www.czechcyclingfederation.com\/en\/wp-json\/wp\/v2\/procleny?categories=7"},{"href":"https:\/\/www.czechcyclingfederation.com\/en\/wp-json\/wp\/v2\/vzdelavani?categories=7"},{"href":"https:\/\/www.czechcyclingfederation.com\/en\/wp-json\/wp\/v2\/kontakty?categories=7"},{"href":"https:\/\/www.czechcyclingfederation.com\/en\/wp-json\/wp\/v2\/kralcyklistiky?categories=7"},{"href":"https:\/\/www.czechcyclingfederation.com\/en\/wp-json\/wp\/v2\/pro_media?categories=7"},{"href":"https:\/\/www.czechcyclingfederation.com\/en\/wp-json\/wp\/v2\/kalendar?categories=7"}],"curies":[{"name":"wp","href":"https:\/\/api.w.org\/{rel}","templated":true}]}}